{"id":151,"date":"2019-01-18T03:13:55","date_gmt":"2019-01-18T08:13:55","guid":{"rendered":"http:\/\/mehmetulutas.com\/?p=151"},"modified":"2021-02-22T14:16:09","modified_gmt":"2021-02-22T19:16:09","slug":"asiri-politize-ve-komplo-teorisi-tutkunu","status":"publish","type":"post","link":"https:\/\/mehmetulutas.com\/index.php\/2019\/01\/18\/asiri-politize-ve-komplo-teorisi-tutkunu\/","title":{"rendered":"A\u015eIRI POL\u0130T\u0130ZE VE KOMPLO TEOR\u0130S\u0130 TUTKUNU"},"content":{"rendered":"\n<p>Duygular\u0131n\u0131 dolu dolu ya\u015fayan bir toplumuz. \u00dcz\u00fcnt\u00fcm\u00fcz de a\u015f\u0131r\u0131, sevincimiz de. Sevdik mi tam seviyoruz, k\u0131zd\u0131k m\u0131 nefret ediyoruz. Ele\u015ftiri dozumuz a\u015f\u0131r\u0131 ve politik. Tak\u0131m tutar gibi parti destekliyoruz. Ortam\u0131z yok!<\/p>\n\n\n\n<p> \u0130nternette g\u00f6rd\u00fcklerimize hemen inanma ve ona g\u00f6re h\u00fck\u00fcm verme sorunumuz var. \u00d6rne\u011fin sokakta \u00e7ocu\u011funun kakas\u0131n\u0131 yapt\u0131ran tesett\u00fcrl\u00fc ama g\u00f6rg\u00fcs\u00fcz kad\u0131n\u0131n kabahatini h\u00fck\u00fcmete \u00e7\u0131karmaya haz\u0131r\u0131z. Ya da bikiniyle namaz k\u0131lan kad\u0131n videosunun kurgu oldu\u011funu, ne dinle ne de mant\u0131kla alakas\u0131 olmad\u0131\u011f\u0131n\u0131 g\u00f6rmeyip T\u00fcrkiye\u2019nin ne hallere d\u00fc\u015ft\u00fc\u011f\u00fcne \u00fcz\u00fclebiliyoruz.<\/p>\n\n\n\n<p> Komplo teorilerine o kadar inanm\u0131\u015f\u0131z ki b\u00fct\u00fcn itiraflara, g\u00f6r\u00fcnt\u00fclere, mahkeme kararlar\u0131na ve ba\u015fka binlerce delile ra\u011fmen hala 15-Temmuz darbesinin arkas\u0131nda ba\u015fka i\u015fler ar\u0131yoruz. O y\u00fczden somut delil olmad\u0131\u011f\u0131 halde \u201ckontroll\u00fc darbe\u201d denilince hemen inan\u0131yoruz veya inanmay\u0131 tercih ediyoruz.<\/p>\n\n\n\n<p> Bu durumu art\u0131k de\u011fi\u015ftirmemiz laz\u0131m. Daha \u00e7ok okumal\u0131, ara\u015ft\u0131rmal\u0131y\u0131z. Okumay\u0131 sevmiyorsak nitelikli belgeseller seyretmeliyiz. Art\u0131k t\u00fcm bilgiler bir t\u0131k \u00f6temizde. Arama motorlar\u0131na merak etti\u011finiz konuyu yazd\u0131\u011f\u0131n\u0131zda binlerce haber \u00e7\u0131k\u0131yor. Elbetteki her haber do\u011fru veya eksiksiz de\u011fil. Ferasetimizi kullanarak filtreleme yapmal\u0131y\u0131z. H\u00fclasa kendimizi devaml\u0131 fikren geli\u015ftirmeliyiz.<\/p>\n\n\n\n<p> Toplumlar\u0131 bireyler geli\u015ftirir. T\u00fcrkiye\u2019nin geli\u015fmesini istiyorsak \u00f6nce biz bireyler daha iyi olmal\u0131y\u0131z.<\/p>\n\n\n\n<p>20-08-2018<\/p>\n","protected":false},"excerpt":{"rendered":"<p>Duygular\u0131n\u0131 dolu dolu ya\u015fayan bir toplumuz. \u00dcz\u00fcnt\u00fcm\u00fcz de a\u015f\u0131r\u0131, sevincimiz de. Sevdik mi tam seviyoruz, k\u0131zd\u0131k m\u0131 nefret ediyoruz. Ele\u015ftiri dozumuz a\u015f\u0131r\u0131 ve politik. Tak\u0131m tutar gibi parti destekliyoruz. Ortam\u0131z yok! \u0130nternette g\u00f6rd\u00fcklerimize hemen inanma ve ona g\u00f6re h\u00fck\u00fcm verme sorunumuz var. \u00d6rne\u011fin sokakta \u00e7ocu\u011funun kakas\u0131n\u0131 yapt\u0131ran tesett\u00fcrl\u00fc ama g\u00f6rg\u00fcs\u00fcz kad\u0131n\u0131n kabahatini h\u00fck\u00fcmete \u00e7\u0131karmaya haz\u0131r\u0131z. [&hellip;]<\/p>\n","protected":false},"author":1,"featured_media":152,"comment_status":"open","ping_status":"open","sticky":false,"template":"","format":"standard","meta":{"footnotes":""},"categories":[244],"tags":[],"yoast_head":"<!-- This site is optimized with the Yoast SEO plugin v20.4 - https:\/\/yoast.com\/wordpress\/plugins\/seo\/ -->\n<title>A\u015eIRI POL\u0130T\u0130ZE VE KOMPLO TEOR\u0130S\u0130 TUTKUNU - Mehmet Y. Uluta\u015f<\/title>\n<meta name=\"robots\" content=\"index, follow, max-snippet:-1, max-image-preview:large, max-video-preview:-1\" \/>\n<link rel=\"canonical\" href=\"https:\/\/mehmetulutas.com\/index.php\/2019\/01\/18\/asiri-politize-ve-komplo-teorisi-tutkunu\/\" \/>\n<meta property=\"og:locale\" content=\"en_US\" \/>\n<meta property=\"og:type\" content=\"article\" \/>\n<meta property=\"og:title\" content=\"A\u015eIRI POL\u0130T\u0130ZE VE KOMPLO TEOR\u0130S\u0130 TUTKUNU - Mehmet Y. Uluta\u015f\" \/>\n<meta property=\"og:description\" content=\"Duygular\u0131n\u0131 dolu dolu ya\u015fayan bir toplumuz. \u00dcz\u00fcnt\u00fcm\u00fcz de a\u015f\u0131r\u0131, sevincimiz de. Sevdik mi tam seviyoruz, k\u0131zd\u0131k m\u0131 nefret ediyoruz. Ele\u015ftiri dozumuz a\u015f\u0131r\u0131 ve politik. Tak\u0131m tutar gibi parti destekliyoruz. Ortam\u0131z yok! \u0130nternette g\u00f6rd\u00fcklerimize hemen inanma ve ona g\u00f6re h\u00fck\u00fcm verme sorunumuz var. \u00d6rne\u011fin sokakta \u00e7ocu\u011funun kakas\u0131n\u0131 yapt\u0131ran tesett\u00fcrl\u00fc ama g\u00f6rg\u00fcs\u00fcz kad\u0131n\u0131n kabahatini h\u00fck\u00fcmete \u00e7\u0131karmaya haz\u0131r\u0131z. [&hellip;]\" \/>\n<meta property=\"og:url\" content=\"https:\/\/mehmetulutas.com\/index.php\/2019\/01\/18\/asiri-politize-ve-komplo-teorisi-tutkunu\/\" \/>\n<meta property=\"og:site_name\" content=\"Mehmet Y. Uluta\u015f\" \/>\n<meta property=\"article:published_time\" content=\"2019-01-18T08:13:55+00:00\" \/>\n<meta property=\"article:modified_time\" content=\"2021-02-22T19:16:09+00:00\" \/>\n<meta property=\"og:image\" content=\"https:\/\/mehmetulutas.com\/wp-content\/uploads\/2019\/01\/komplo-teorisi.jpg\" \/>\n\t<meta property=\"og:image:width\" content=\"1280\" \/>\n\t<meta property=\"og:image:height\" content=\"720\" \/>\n\t<meta property=\"og:image:type\" content=\"image\/jpeg\" \/>\n<meta name=\"author\" content=\"mehmetulutas\" \/>\n<meta name=\"twitter:card\" content=\"summary_large_image\" \/>\n<meta name=\"twitter:label1\" content=\"Written by\" \/>\n\t<meta name=\"twitter:data1\" content=\"mehmetulutas\" \/>\n\t<meta name=\"twitter:label2\" content=\"Est. reading time\" \/>\n\t<meta name=\"twitter:data2\" content=\"1 minute\" \/>\n<script type=\"application\/ld+json\" class=\"yoast-schema-graph\">{\"@context\":\"https:\/\/schema.org\",\"@graph\":[{\"@type\":\"Article\",\"@id\":\"https:\/\/mehmetulutas.com\/index.php\/2019\/01\/18\/asiri-politize-ve-komplo-teorisi-tutkunu\/#article\",\"isPartOf\":{\"@id\":\"https:\/\/mehmetulutas.com\/index.php\/2019\/01\/18\/asiri-politize-ve-komplo-teorisi-tutkunu\/\"},\"author\":{\"name\":\"mehmetulutas\",\"@id\":\"https:\/\/mehmetulutas.com\/#\/schema\/person\/8ef04e9307ace1ed7537ff440f5f34ab\"},\"headline\":\"A\u015eIRI POL\u0130T\u0130ZE VE KOMPLO TEOR\u0130S\u0130 TUTKUNU\",\"datePublished\":\"2019-01-18T08:13:55+00:00\",\"dateModified\":\"2021-02-22T19:16:09+00:00\",\"mainEntityOfPage\":{\"@id\":\"https:\/\/mehmetulutas.com\/index.php\/2019\/01\/18\/asiri-politize-ve-komplo-teorisi-tutkunu\/\"},\"wordCount\":269,\"commentCount\":0,\"publisher\":{\"@id\":\"https:\/\/mehmetulutas.com\/#\/schema\/person\/8ef04e9307ace1ed7537ff440f5f34ab\"},\"articleSection\":[\"Sosyal\"],\"inLanguage\":\"en-US\",\"potentialAction\":[{\"@type\":\"CommentAction\",\"name\":\"Comment\",\"target\":[\"https:\/\/mehmetulutas.com\/index.php\/2019\/01\/18\/asiri-politize-ve-komplo-teorisi-tutkunu\/#respond\"]}]},{\"@type\":\"WebPage\",\"@id\":\"https:\/\/mehmetulutas.com\/index.php\/2019\/01\/18\/asiri-politize-ve-komplo-teorisi-tutkunu\/\",\"url\":\"https:\/\/mehmetulutas.com\/index.php\/2019\/01\/18\/asiri-politize-ve-komplo-teorisi-tutkunu\/\",\"name\":\"A\u015eIRI POL\u0130T\u0130ZE VE KOMPLO TEOR\u0130S\u0130 TUTKUNU - Mehmet Y. Uluta\u015f\",\"isPartOf\":{\"@id\":\"https:\/\/mehmetulutas.com\/#website\"},\"datePublished\":\"2019-01-18T08:13:55+00:00\",\"dateModified\":\"2021-02-22T19:16:09+00:00\",\"breadcrumb\":{\"@id\":\"https:\/\/mehmetulutas.com\/index.php\/2019\/01\/18\/asiri-politize-ve-komplo-teorisi-tutkunu\/#breadcrumb\"},\"inLanguage\":\"en-US\",\"potentialAction\":[{\"@type\":\"ReadAction\",\"target\":[\"https:\/\/mehmetulutas.com\/index.php\/2019\/01\/18\/asiri-politize-ve-komplo-teorisi-tutkunu\/\"]}]},{\"@type\":\"BreadcrumbList\",\"@id\":\"https:\/\/mehmetulutas.com\/index.php\/2019\/01\/18\/asiri-politize-ve-komplo-teorisi-tutkunu\/#breadcrumb\",\"itemListElement\":[{\"@type\":\"ListItem\",\"position\":1,\"name\":\"Home\",\"item\":\"https:\/\/mehmetulutas.com\/\"},{\"@type\":\"ListItem\",\"position\":2,\"name\":\"A\u015eIRI POL\u0130T\u0130ZE VE KOMPLO TEOR\u0130S\u0130 TUTKUNU\"}]},{\"@type\":\"WebSite\",\"@id\":\"https:\/\/mehmetulutas.com\/#website\",\"url\":\"https:\/\/mehmetulutas.com\/\",\"name\":\"Mehmet Y Uluta\u015f Resmi Web Sitesi\",\"description\":\"G\u00f6r\u00fc\u015flerimi sade ve ak\u0131c\u0131 bir dille \u00f6zet olarak aktarmaya \u00e7al\u0131\u015ft\u0131\u011f\u0131m resmi web sitesi\",\"publisher\":{\"@id\":\"https:\/\/mehmetulutas.com\/#\/schema\/person\/8ef04e9307ace1ed7537ff440f5f34ab\"},\"potentialAction\":[{\"@type\":\"SearchAction\",\"target\":{\"@type\":\"EntryPoint\",\"urlTemplate\":\"https:\/\/mehmetulutas.com\/?s={search_term_string}\"},\"query-input\":\"required name=search_term_string\"}],\"inLanguage\":\"en-US\"},{\"@type\":[\"Person\",\"Organization\"],\"@id\":\"https:\/\/mehmetulutas.com\/#\/schema\/person\/8ef04e9307ace1ed7537ff440f5f34ab\",\"name\":\"mehmetulutas\",\"image\":{\"@type\":\"ImageObject\",\"inLanguage\":\"en-US\",\"@id\":\"https:\/\/mehmetulutas.com\/#\/schema\/person\/image\/\",\"url\":\"https:\/\/secure.gravatar.com\/avatar\/d3d722cb777fccb2bbc845f31c5dde66?s=96&d=mm&r=g\",\"contentUrl\":\"https:\/\/secure.gravatar.com\/avatar\/d3d722cb777fccb2bbc845f31c5dde66?s=96&d=mm&r=g\",\"caption\":\"mehmetulutas\"},\"logo\":{\"@id\":\"https:\/\/mehmetulutas.com\/#\/schema\/person\/image\/\"}}]}<\/script>\n<!-- \/ Yoast SEO plugin. -->","yoast_head_json":{"title":"A\u015eIRI POL\u0130T\u0130ZE VE KOMPLO TEOR\u0130S\u0130 TUTKUNU - Mehmet Y. Uluta\u015f","robots":{"index":"index","follow":"follow","max-snippet":"max-snippet:-1","max-image-preview":"max-image-preview:large","max-video-preview":"max-video-preview:-1"},"canonical":"https:\/\/mehmetulutas.com\/index.php\/2019\/01\/18\/asiri-politize-ve-komplo-teorisi-tutkunu\/","og_locale":"en_US","og_type":"article","og_title":"A\u015eIRI POL\u0130T\u0130ZE VE KOMPLO TEOR\u0130S\u0130 TUTKUNU - Mehmet Y. Uluta\u015f","og_description":"Duygular\u0131n\u0131 dolu dolu ya\u015fayan bir toplumuz. \u00dcz\u00fcnt\u00fcm\u00fcz de a\u015f\u0131r\u0131, sevincimiz de. Sevdik mi tam seviyoruz, k\u0131zd\u0131k m\u0131 nefret ediyoruz. Ele\u015ftiri dozumuz a\u015f\u0131r\u0131 ve politik. Tak\u0131m tutar gibi parti destekliyoruz. Ortam\u0131z yok! \u0130nternette g\u00f6rd\u00fcklerimize hemen inanma ve ona g\u00f6re h\u00fck\u00fcm verme sorunumuz var. \u00d6rne\u011fin sokakta \u00e7ocu\u011funun kakas\u0131n\u0131 yapt\u0131ran tesett\u00fcrl\u00fc ama g\u00f6rg\u00fcs\u00fcz kad\u0131n\u0131n kabahatini h\u00fck\u00fcmete \u00e7\u0131karmaya haz\u0131r\u0131z. [&hellip;]","og_url":"https:\/\/mehmetulutas.com\/index.php\/2019\/01\/18\/asiri-politize-ve-komplo-teorisi-tutkunu\/","og_site_name":"Mehmet Y. Uluta\u015f","article_published_time":"2019-01-18T08:13:55+00:00","article_modified_time":"2021-02-22T19:16:09+00:00","og_image":[{"width":1280,"height":720,"url":"https:\/\/mehmetulutas.com\/wp-content\/uploads\/2019\/01\/komplo-teorisi.jpg","type":"image\/jpeg"}],"author":"mehmetulutas","twitter_card":"summary_large_image","twitter_misc":{"Written by":"mehmetulutas","Est. reading time":"1 minute"},"schema":{"@context":"https:\/\/schema.org","@graph":[{"@type":"Article","@id":"https:\/\/mehmetulutas.com\/index.php\/2019\/01\/18\/asiri-politize-ve-komplo-teorisi-tutkunu\/#article","isPartOf":{"@id":"https:\/\/mehmetulutas.com\/index.php\/2019\/01\/18\/asiri-politize-ve-komplo-teorisi-tutkunu\/"},"author":{"name":"mehmetulutas","@id":"https:\/\/mehmetulutas.com\/#\/schema\/person\/8ef04e9307ace1ed7537ff440f5f34ab"},"headline":"A\u015eIRI POL\u0130T\u0130ZE VE KOMPLO TEOR\u0130S\u0130 TUTKUNU","datePublished":"2019-01-18T08:13:55+00:00","dateModified":"2021-02-22T19:16:09+00:00","mainEntityOfPage":{"@id":"https:\/\/mehmetulutas.com\/index.php\/2019\/01\/18\/asiri-politize-ve-komplo-teorisi-tutkunu\/"},"wordCount":269,"commentCount":0,"publisher":{"@id":"https:\/\/mehmetulutas.com\/#\/schema\/person\/8ef04e9307ace1ed7537ff440f5f34ab"},"articleSection":["Sosyal"],"inLanguage":"en-US","potentialAction":[{"@type":"CommentAction","name":"Comment","target":["https:\/\/mehmetulutas.com\/index.php\/2019\/01\/18\/asiri-politize-ve-komplo-teorisi-tutkunu\/#respond"]}]},{"@type":"WebPage","@id":"https:\/\/mehmetulutas.com\/index.php\/2019\/01\/18\/asiri-politize-ve-komplo-teorisi-tutkunu\/","url":"https:\/\/mehmetulutas.com\/index.php\/2019\/01\/18\/asiri-politize-ve-komplo-teorisi-tutkunu\/","name":"A\u015eIRI POL\u0130T\u0130ZE VE KOMPLO TEOR\u0130S\u0130 TUTKUNU - Mehmet Y. Uluta\u015f","isPartOf":{"@id":"https:\/\/mehmetulutas.com\/#website"},"datePublished":"2019-01-18T08:13:55+00:00","dateModified":"2021-02-22T19:16:09+00:00","breadcrumb":{"@id":"https:\/\/mehmetulutas.com\/index.php\/2019\/01\/18\/asiri-politize-ve-komplo-teorisi-tutkunu\/#breadcrumb"},"inLanguage":"en-US","potentialAction":[{"@type":"ReadAction","target":["https:\/\/mehmetulutas.com\/index.php\/2019\/01\/18\/asiri-politize-ve-komplo-teorisi-tutkunu\/"]}]},{"@type":"BreadcrumbList","@id":"https:\/\/mehmetulutas.com\/index.php\/2019\/01\/18\/asiri-politize-ve-komplo-teorisi-tutkunu\/#breadcrumb","itemListElement":[{"@type":"ListItem","position":1,"name":"Home","item":"https:\/\/mehmetulutas.com\/"},{"@type":"ListItem","position":2,"name":"A\u015eIRI POL\u0130T\u0130ZE VE KOMPLO TEOR\u0130S\u0130 TUTKUNU"}]},{"@type":"WebSite","@id":"https:\/\/mehmetulutas.com\/#website","url":"https:\/\/mehmetulutas.com\/","name":"Mehmet Y Uluta\u015f Resmi Web Sitesi","description":"G\u00f6r\u00fc\u015flerimi sade ve ak\u0131c\u0131 bir dille \u00f6zet olarak aktarmaya \u00e7al\u0131\u015ft\u0131\u011f\u0131m resmi web sitesi","publisher":{"@id":"https:\/\/mehmetulutas.com\/#\/schema\/person\/8ef04e9307ace1ed7537ff440f5f34ab"},"potentialAction":[{"@type":"SearchAction","target":{"@type":"EntryPoint","urlTemplate":"https:\/\/mehmetulutas.com\/?s={search_term_string}"},"query-input":"required name=search_term_string"}],"inLanguage":"en-US"},{"@type":["Person","Organization"],"@id":"https:\/\/mehmetulutas.com\/#\/schema\/person\/8ef04e9307ace1ed7537ff440f5f34ab","name":"mehmetulutas","image":{"@type":"ImageObject","inLanguage":"en-US","@id":"https:\/\/mehmetulutas.com\/#\/schema\/person\/image\/","url":"https:\/\/secure.gravatar.com\/avatar\/d3d722cb777fccb2bbc845f31c5dde66?s=96&d=mm&r=g","contentUrl":"https:\/\/secure.gravatar.com\/avatar\/d3d722cb777fccb2bbc845f31c5dde66?s=96&d=mm&r=g","caption":"mehmetulutas"},"logo":{"@id":"https:\/\/mehmetulutas.com\/#\/schema\/person\/image\/"}}]}},"_links":{"self":[{"href":"https:\/\/mehmetulutas.com\/index.php\/wp-json\/wp\/v2\/posts\/151"}],"collection":[{"href":"https:\/\/mehmetulutas.com\/index.php\/wp-json\/wp\/v2\/posts"}],"about":[{"href":"https:\/\/mehmetulutas.com\/index.php\/wp-json\/wp\/v2\/types\/post"}],"author":[{"embeddable":true,"href":"https:\/\/mehmetulutas.com\/index.php\/wp-json\/wp\/v2\/users\/1"}],"replies":[{"embeddable":true,"href":"https:\/\/mehmetulutas.com\/index.php\/wp-json\/wp\/v2\/comments?post=151"}],"version-history":[{"count":1,"href":"https:\/\/mehmetulutas.com\/index.php\/wp-json\/wp\/v2\/posts\/151\/revisions"}],"predecessor-version":[{"id":153,"href":"https:\/\/mehmetulutas.com\/index.php\/wp-json\/wp\/v2\/posts\/151\/revisions\/153"}],"wp:featuredmedia":[{"embeddable":true,"href":"https:\/\/mehmetulutas.com\/index.php\/wp-json\/wp\/v2\/media\/152"}],"wp:attachment":[{"href":"https:\/\/mehmetulutas.com\/index.php\/wp-json\/wp\/v2\/media?parent=151"}],"wp:term":[{"taxonomy":"category","embeddable":true,"href":"https:\/\/mehmetulutas.com\/index.php\/wp-json\/wp\/v2\/categories?post=151"},{"taxonomy":"post_tag","embeddable":true,"href":"https:\/\/mehmetulutas.com\/index.php\/wp-json\/wp\/v2\/tags?post=151"}],"curies":[{"name":"wp","href":"https:\/\/api.w.org\/{rel}","templated":true}]}}