{"id":338,"date":"2019-03-15T02:22:57","date_gmt":"2019-03-15T06:22:57","guid":{"rendered":"http:\/\/mehmetulutas.com\/?p=338"},"modified":"2021-02-22T13:37:20","modified_gmt":"2021-02-22T18:37:20","slug":"turkiyenin-beka-sorunu-var-mi","status":"publish","type":"post","link":"https:\/\/mehmetulutas.com\/index.php\/2019\/03\/15\/turkiyenin-beka-sorunu-var-mi\/","title":{"rendered":"T\u00dcRK\u0130YE\u2019N\u0130N BEKA SORUNU VAR MI"},"content":{"rendered":"\n<p>31-Mart Yerel Se\u00e7imlerine do\u011fru farkl\u0131 bir ortamdan ge\u00e7iyoruz. Ekonomik s\u0131k\u0131nt\u0131lar var, enflasyon y\u00fckseliyor, hayat pahal\u0131la\u015f\u0131yor, i\u015fsizlik art\u0131yor, piyasalar durgun. Ama se\u00e7im kampanyalar\u0131n\u0131n en b\u00fcy\u00fck tart\u0131\u015fma konusu \u2018beka\u2019 sorunu olmu\u015f gibi g\u00f6r\u00fcn\u00fcyor. Tayyip Bey de Devlet Bey de Cumhur \u0130ttifak\u0131n\u0131n t\u00f6kezlemesi halinde T\u00fcrkiye\u2019nin zarar g\u00f6rece\u011fi, PKK, FET\u00d6 ve ba\u015fka i\u00e7 ve d\u0131\u015f g\u00fc\u00e7lerin sald\u0131r\u0131l\u0131na maruz kalaca\u011f\u0131 sav\u0131n\u0131 i\u015fliyor. Hatta Tayyip Bey bir t\u0131k \u00f6teye gidip T\u00fcrkiye\u2019ye inanan ve g\u00fcvenen \u00dcmmet\u2019in anti-\u0130slam g\u00fc\u00e7lerinin daha \u015fiddetli sald\u0131r\u0131l\u0131na maruz kalabilecece\u011fini ve direncinin k\u0131r\u0131labilece\u011fini s\u00f6yl\u00fcyor.<br><br>Ger\u00e7ekten de T\u00fcrkiye zoraki g\u00f6\u00e7e maruz kalm\u0131\u015f ve \u00f6l\u00fcm kal\u0131m sava\u015f\u0131 vermi\u015f m\u00fcsl\u00fcmanlar i\u00e7in s\u0131\u011f\u0131nak, Tayyip Bey ise eski g\u00fc\u00e7l\u00fc ve ihti\u015faml\u0131 g\u00fcnlerini \u00f6zleyen m\u00fcsl\u00fcmanlar i\u00e7in ise umut veren bir m\u00fcsl\u00fcman lider oldu. Ama nas\u0131l \u015eampiyonlar Ligine gitmek i\u00e7in \u00f6nce S\u00fcperlig \u015eampiyonu olmak gerekiyorsa, T\u00fcrkiye\u2019nin de \u00f6nce m\u00fcsl\u00fcman \u00fclkeler aras\u0131nda ekonomik olarak en g\u00fc\u00e7l\u00fc, en geli\u015fmi\u015f, en demokratik, en adil \u00fclke olup g\u00fc\u00e7l\u00fc kurumlar\u0131 ve kaliteli \u00fcniversiteleriyle de lider olmas\u0131 gerekiyor.<br><br>Beka sorununa d\u00f6necek olursak bence T\u00fcrkiye\u2019nin b\u00f6yle bir sorunu yok. As\u0131rlard\u0131r ba\u011f\u0131ms\u0131z ya\u015fam\u0131\u015f olan T\u00fcrkiye halk\u0131 her zaman vatan\u0131na sahip \u00e7\u0131km\u0131\u015ft\u0131r. Ama art\u0131k T\u00fcrkiye\u2019nin g\u00fc\u00e7s\u00fcz bir iktidarla vakit kaybetme l\u00fcks\u00fc yok. O y\u00fczden AK Parti bu se\u00e7imlerden en az oy kayb\u0131 ile \u00e7\u0131kmal\u0131 ve ard\u0131ndan 2023 y\u0131l\u0131na dek T\u00fcrkiye\u2019yi d\u00fcnyada ilk 10\u2019a giren \u00e7ok g\u00fc\u00e7l\u00fc bir \u00fclke yapmak i\u00e7in \u00e7ok \u00e7al\u0131\u015fmal\u0131. Cumhuriyet\u2019in 100. kurulu\u015f y\u0131ld\u00f6n\u00fcm\u00fcnde g\u00fc\u00e7l\u00fc, istikrarl\u0131, g\u00fcven veren ve refah i\u00e7erisinde ya\u015fan\u0131lan bir T\u00fcrkiye bekliyor ve istiyoruz. <\/p>\n","protected":false},"excerpt":{"rendered":"<p>31-Mart Yerel Se\u00e7imlerine do\u011fru farkl\u0131 bir ortamdan ge\u00e7iyoruz. Ekonomik s\u0131k\u0131nt\u0131lar var, enflasyon y\u00fckseliyor, hayat pahal\u0131la\u015f\u0131yor, i\u015fsizlik art\u0131yor, piyasalar durgun. Ama se\u00e7im kampanyalar\u0131n\u0131n en b\u00fcy\u00fck tart\u0131\u015fma konusu \u2018beka\u2019 sorunu olmu\u015f gibi g\u00f6r\u00fcn\u00fcyor. Tayyip Bey de Devlet Bey de Cumhur \u0130ttifak\u0131n\u0131n t\u00f6kezlemesi halinde T\u00fcrkiye\u2019nin zarar g\u00f6rece\u011fi, PKK, FET\u00d6 ve ba\u015fka i\u00e7 ve d\u0131\u015f g\u00fc\u00e7lerin sald\u0131r\u0131l\u0131na maruz kalaca\u011f\u0131 [&hellip;]<\/p>\n","protected":false},"author":1,"featured_media":339,"comment_status":"open","ping_status":"open","sticky":false,"template":"","format":"standard","meta":{"footnotes":""},"categories":[243],"tags":[],"yoast_head":"<!-- This site is optimized with the Yoast SEO plugin v20.4 - https:\/\/yoast.com\/wordpress\/plugins\/seo\/ -->\n<title>T\u00dcRK\u0130YE\u2019N\u0130N BEKA SORUNU VAR MI - Mehmet Y. Uluta\u015f<\/title>\n<meta name=\"robots\" content=\"index, follow, max-snippet:-1, max-image-preview:large, max-video-preview:-1\" \/>\n<link rel=\"canonical\" href=\"https:\/\/mehmetulutas.com\/index.php\/2019\/03\/15\/turkiyenin-beka-sorunu-var-mi\/\" \/>\n<meta property=\"og:locale\" content=\"en_US\" \/>\n<meta property=\"og:type\" content=\"article\" \/>\n<meta property=\"og:title\" content=\"T\u00dcRK\u0130YE\u2019N\u0130N BEKA SORUNU VAR MI - Mehmet Y. Uluta\u015f\" \/>\n<meta property=\"og:description\" content=\"31-Mart Yerel Se\u00e7imlerine do\u011fru farkl\u0131 bir ortamdan ge\u00e7iyoruz. Ekonomik s\u0131k\u0131nt\u0131lar var, enflasyon y\u00fckseliyor, hayat pahal\u0131la\u015f\u0131yor, i\u015fsizlik art\u0131yor, piyasalar durgun. Ama se\u00e7im kampanyalar\u0131n\u0131n en b\u00fcy\u00fck tart\u0131\u015fma konusu \u2018beka\u2019 sorunu olmu\u015f gibi g\u00f6r\u00fcn\u00fcyor. Tayyip Bey de Devlet Bey de Cumhur \u0130ttifak\u0131n\u0131n t\u00f6kezlemesi halinde T\u00fcrkiye\u2019nin zarar g\u00f6rece\u011fi, PKK, FET\u00d6 ve ba\u015fka i\u00e7 ve d\u0131\u015f g\u00fc\u00e7lerin sald\u0131r\u0131l\u0131na maruz kalaca\u011f\u0131 [&hellip;]\" \/>\n<meta property=\"og:url\" content=\"https:\/\/mehmetulutas.com\/index.php\/2019\/03\/15\/turkiyenin-beka-sorunu-var-mi\/\" \/>\n<meta property=\"og:site_name\" content=\"Mehmet Y. Uluta\u015f\" \/>\n<meta property=\"article:published_time\" content=\"2019-03-15T06:22:57+00:00\" \/>\n<meta property=\"article:modified_time\" content=\"2021-02-22T18:37:20+00:00\" \/>\n<meta property=\"og:image\" content=\"https:\/\/mehmetulutas.com\/wp-content\/uploads\/2019\/03\/beka-sorunu.jpg\" \/>\n\t<meta property=\"og:image:width\" content=\"404\" \/>\n\t<meta property=\"og:image:height\" content=\"173\" \/>\n\t<meta property=\"og:image:type\" content=\"image\/jpeg\" \/>\n<meta name=\"author\" content=\"mehmetulutas\" \/>\n<meta name=\"twitter:card\" content=\"summary_large_image\" \/>\n<meta name=\"twitter:label1\" content=\"Written by\" \/>\n\t<meta name=\"twitter:data1\" content=\"mehmetulutas\" \/>\n\t<meta name=\"twitter:label2\" content=\"Est. reading time\" \/>\n\t<meta name=\"twitter:data2\" content=\"2 minutes\" \/>\n<script type=\"application\/ld+json\" class=\"yoast-schema-graph\">{\"@context\":\"https:\/\/schema.org\",\"@graph\":[{\"@type\":\"Article\",\"@id\":\"https:\/\/mehmetulutas.com\/index.php\/2019\/03\/15\/turkiyenin-beka-sorunu-var-mi\/#article\",\"isPartOf\":{\"@id\":\"https:\/\/mehmetulutas.com\/index.php\/2019\/03\/15\/turkiyenin-beka-sorunu-var-mi\/\"},\"author\":{\"name\":\"mehmetulutas\",\"@id\":\"https:\/\/mehmetulutas.com\/#\/schema\/person\/8ef04e9307ace1ed7537ff440f5f34ab\"},\"headline\":\"T\u00dcRK\u0130YE\u2019N\u0130N BEKA SORUNU VAR MI\",\"datePublished\":\"2019-03-15T06:22:57+00:00\",\"dateModified\":\"2021-02-22T18:37:20+00:00\",\"mainEntityOfPage\":{\"@id\":\"https:\/\/mehmetulutas.com\/index.php\/2019\/03\/15\/turkiyenin-beka-sorunu-var-mi\/\"},\"wordCount\":355,\"commentCount\":0,\"publisher\":{\"@id\":\"https:\/\/mehmetulutas.com\/#\/schema\/person\/8ef04e9307ace1ed7537ff440f5f34ab\"},\"articleSection\":[\"Siyaset\"],\"inLanguage\":\"en-US\",\"potentialAction\":[{\"@type\":\"CommentAction\",\"name\":\"Comment\",\"target\":[\"https:\/\/mehmetulutas.com\/index.php\/2019\/03\/15\/turkiyenin-beka-sorunu-var-mi\/#respond\"]}]},{\"@type\":\"WebPage\",\"@id\":\"https:\/\/mehmetulutas.com\/index.php\/2019\/03\/15\/turkiyenin-beka-sorunu-var-mi\/\",\"url\":\"https:\/\/mehmetulutas.com\/index.php\/2019\/03\/15\/turkiyenin-beka-sorunu-var-mi\/\",\"name\":\"T\u00dcRK\u0130YE\u2019N\u0130N BEKA SORUNU VAR MI - Mehmet Y. Uluta\u015f\",\"isPartOf\":{\"@id\":\"https:\/\/mehmetulutas.com\/#website\"},\"datePublished\":\"2019-03-15T06:22:57+00:00\",\"dateModified\":\"2021-02-22T18:37:20+00:00\",\"breadcrumb\":{\"@id\":\"https:\/\/mehmetulutas.com\/index.php\/2019\/03\/15\/turkiyenin-beka-sorunu-var-mi\/#breadcrumb\"},\"inLanguage\":\"en-US\",\"potentialAction\":[{\"@type\":\"ReadAction\",\"target\":[\"https:\/\/mehmetulutas.com\/index.php\/2019\/03\/15\/turkiyenin-beka-sorunu-var-mi\/\"]}]},{\"@type\":\"BreadcrumbList\",\"@id\":\"https:\/\/mehmetulutas.com\/index.php\/2019\/03\/15\/turkiyenin-beka-sorunu-var-mi\/#breadcrumb\",\"itemListElement\":[{\"@type\":\"ListItem\",\"position\":1,\"name\":\"Home\",\"item\":\"https:\/\/mehmetulutas.com\/\"},{\"@type\":\"ListItem\",\"position\":2,\"name\":\"T\u00dcRK\u0130YE\u2019N\u0130N BEKA SORUNU VAR MI\"}]},{\"@type\":\"WebSite\",\"@id\":\"https:\/\/mehmetulutas.com\/#website\",\"url\":\"https:\/\/mehmetulutas.com\/\",\"name\":\"Mehmet Y Uluta\u015f Resmi Web Sitesi\",\"description\":\"G\u00f6r\u00fc\u015flerimi sade ve ak\u0131c\u0131 bir dille \u00f6zet olarak aktarmaya \u00e7al\u0131\u015ft\u0131\u011f\u0131m resmi web sitesi\",\"publisher\":{\"@id\":\"https:\/\/mehmetulutas.com\/#\/schema\/person\/8ef04e9307ace1ed7537ff440f5f34ab\"},\"potentialAction\":[{\"@type\":\"SearchAction\",\"target\":{\"@type\":\"EntryPoint\",\"urlTemplate\":\"https:\/\/mehmetulutas.com\/?s={search_term_string}\"},\"query-input\":\"required name=search_term_string\"}],\"inLanguage\":\"en-US\"},{\"@type\":[\"Person\",\"Organization\"],\"@id\":\"https:\/\/mehmetulutas.com\/#\/schema\/person\/8ef04e9307ace1ed7537ff440f5f34ab\",\"name\":\"mehmetulutas\",\"image\":{\"@type\":\"ImageObject\",\"inLanguage\":\"en-US\",\"@id\":\"https:\/\/mehmetulutas.com\/#\/schema\/person\/image\/\",\"url\":\"https:\/\/secure.gravatar.com\/avatar\/d3d722cb777fccb2bbc845f31c5dde66?s=96&d=mm&r=g\",\"contentUrl\":\"https:\/\/secure.gravatar.com\/avatar\/d3d722cb777fccb2bbc845f31c5dde66?s=96&d=mm&r=g\",\"caption\":\"mehmetulutas\"},\"logo\":{\"@id\":\"https:\/\/mehmetulutas.com\/#\/schema\/person\/image\/\"}}]}<\/script>\n<!-- \/ Yoast SEO plugin. -->","yoast_head_json":{"title":"T\u00dcRK\u0130YE\u2019N\u0130N BEKA SORUNU VAR MI - Mehmet Y. Uluta\u015f","robots":{"index":"index","follow":"follow","max-snippet":"max-snippet:-1","max-image-preview":"max-image-preview:large","max-video-preview":"max-video-preview:-1"},"canonical":"https:\/\/mehmetulutas.com\/index.php\/2019\/03\/15\/turkiyenin-beka-sorunu-var-mi\/","og_locale":"en_US","og_type":"article","og_title":"T\u00dcRK\u0130YE\u2019N\u0130N BEKA SORUNU VAR MI - Mehmet Y. Uluta\u015f","og_description":"31-Mart Yerel Se\u00e7imlerine do\u011fru farkl\u0131 bir ortamdan ge\u00e7iyoruz. Ekonomik s\u0131k\u0131nt\u0131lar var, enflasyon y\u00fckseliyor, hayat pahal\u0131la\u015f\u0131yor, i\u015fsizlik art\u0131yor, piyasalar durgun. Ama se\u00e7im kampanyalar\u0131n\u0131n en b\u00fcy\u00fck tart\u0131\u015fma konusu \u2018beka\u2019 sorunu olmu\u015f gibi g\u00f6r\u00fcn\u00fcyor. Tayyip Bey de Devlet Bey de Cumhur \u0130ttifak\u0131n\u0131n t\u00f6kezlemesi halinde T\u00fcrkiye\u2019nin zarar g\u00f6rece\u011fi, PKK, FET\u00d6 ve ba\u015fka i\u00e7 ve d\u0131\u015f g\u00fc\u00e7lerin sald\u0131r\u0131l\u0131na maruz kalaca\u011f\u0131 [&hellip;]","og_url":"https:\/\/mehmetulutas.com\/index.php\/2019\/03\/15\/turkiyenin-beka-sorunu-var-mi\/","og_site_name":"Mehmet Y. Uluta\u015f","article_published_time":"2019-03-15T06:22:57+00:00","article_modified_time":"2021-02-22T18:37:20+00:00","og_image":[{"width":404,"height":173,"url":"https:\/\/mehmetulutas.com\/wp-content\/uploads\/2019\/03\/beka-sorunu.jpg","type":"image\/jpeg"}],"author":"mehmetulutas","twitter_card":"summary_large_image","twitter_misc":{"Written by":"mehmetulutas","Est. reading time":"2 minutes"},"schema":{"@context":"https:\/\/schema.org","@graph":[{"@type":"Article","@id":"https:\/\/mehmetulutas.com\/index.php\/2019\/03\/15\/turkiyenin-beka-sorunu-var-mi\/#article","isPartOf":{"@id":"https:\/\/mehmetulutas.com\/index.php\/2019\/03\/15\/turkiyenin-beka-sorunu-var-mi\/"},"author":{"name":"mehmetulutas","@id":"https:\/\/mehmetulutas.com\/#\/schema\/person\/8ef04e9307ace1ed7537ff440f5f34ab"},"headline":"T\u00dcRK\u0130YE\u2019N\u0130N BEKA SORUNU VAR MI","datePublished":"2019-03-15T06:22:57+00:00","dateModified":"2021-02-22T18:37:20+00:00","mainEntityOfPage":{"@id":"https:\/\/mehmetulutas.com\/index.php\/2019\/03\/15\/turkiyenin-beka-sorunu-var-mi\/"},"wordCount":355,"commentCount":0,"publisher":{"@id":"https:\/\/mehmetulutas.com\/#\/schema\/person\/8ef04e9307ace1ed7537ff440f5f34ab"},"articleSection":["Siyaset"],"inLanguage":"en-US","potentialAction":[{"@type":"CommentAction","name":"Comment","target":["https:\/\/mehmetulutas.com\/index.php\/2019\/03\/15\/turkiyenin-beka-sorunu-var-mi\/#respond"]}]},{"@type":"WebPage","@id":"https:\/\/mehmetulutas.com\/index.php\/2019\/03\/15\/turkiyenin-beka-sorunu-var-mi\/","url":"https:\/\/mehmetulutas.com\/index.php\/2019\/03\/15\/turkiyenin-beka-sorunu-var-mi\/","name":"T\u00dcRK\u0130YE\u2019N\u0130N BEKA SORUNU VAR MI - Mehmet Y. Uluta\u015f","isPartOf":{"@id":"https:\/\/mehmetulutas.com\/#website"},"datePublished":"2019-03-15T06:22:57+00:00","dateModified":"2021-02-22T18:37:20+00:00","breadcrumb":{"@id":"https:\/\/mehmetulutas.com\/index.php\/2019\/03\/15\/turkiyenin-beka-sorunu-var-mi\/#breadcrumb"},"inLanguage":"en-US","potentialAction":[{"@type":"ReadAction","target":["https:\/\/mehmetulutas.com\/index.php\/2019\/03\/15\/turkiyenin-beka-sorunu-var-mi\/"]}]},{"@type":"BreadcrumbList","@id":"https:\/\/mehmetulutas.com\/index.php\/2019\/03\/15\/turkiyenin-beka-sorunu-var-mi\/#breadcrumb","itemListElement":[{"@type":"ListItem","position":1,"name":"Home","item":"https:\/\/mehmetulutas.com\/"},{"@type":"ListItem","position":2,"name":"T\u00dcRK\u0130YE\u2019N\u0130N BEKA SORUNU VAR MI"}]},{"@type":"WebSite","@id":"https:\/\/mehmetulutas.com\/#website","url":"https:\/\/mehmetulutas.com\/","name":"Mehmet Y Uluta\u015f Resmi Web Sitesi","description":"G\u00f6r\u00fc\u015flerimi sade ve ak\u0131c\u0131 bir dille \u00f6zet olarak aktarmaya \u00e7al\u0131\u015ft\u0131\u011f\u0131m resmi web sitesi","publisher":{"@id":"https:\/\/mehmetulutas.com\/#\/schema\/person\/8ef04e9307ace1ed7537ff440f5f34ab"},"potentialAction":[{"@type":"SearchAction","target":{"@type":"EntryPoint","urlTemplate":"https:\/\/mehmetulutas.com\/?s={search_term_string}"},"query-input":"required name=search_term_string"}],"inLanguage":"en-US"},{"@type":["Person","Organization"],"@id":"https:\/\/mehmetulutas.com\/#\/schema\/person\/8ef04e9307ace1ed7537ff440f5f34ab","name":"mehmetulutas","image":{"@type":"ImageObject","inLanguage":"en-US","@id":"https:\/\/mehmetulutas.com\/#\/schema\/person\/image\/","url":"https:\/\/secure.gravatar.com\/avatar\/d3d722cb777fccb2bbc845f31c5dde66?s=96&d=mm&r=g","contentUrl":"https:\/\/secure.gravatar.com\/avatar\/d3d722cb777fccb2bbc845f31c5dde66?s=96&d=mm&r=g","caption":"mehmetulutas"},"logo":{"@id":"https:\/\/mehmetulutas.com\/#\/schema\/person\/image\/"}}]}},"_links":{"self":[{"href":"https:\/\/mehmetulutas.com\/index.php\/wp-json\/wp\/v2\/posts\/338"}],"collection":[{"href":"https:\/\/mehmetulutas.com\/index.php\/wp-json\/wp\/v2\/posts"}],"about":[{"href":"https:\/\/mehmetulutas.com\/index.php\/wp-json\/wp\/v2\/types\/post"}],"author":[{"embeddable":true,"href":"https:\/\/mehmetulutas.com\/index.php\/wp-json\/wp\/v2\/users\/1"}],"replies":[{"embeddable":true,"href":"https:\/\/mehmetulutas.com\/index.php\/wp-json\/wp\/v2\/comments?post=338"}],"version-history":[{"count":1,"href":"https:\/\/mehmetulutas.com\/index.php\/wp-json\/wp\/v2\/posts\/338\/revisions"}],"predecessor-version":[{"id":340,"href":"https:\/\/mehmetulutas.com\/index.php\/wp-json\/wp\/v2\/posts\/338\/revisions\/340"}],"wp:featuredmedia":[{"embeddable":true,"href":"https:\/\/mehmetulutas.com\/index.php\/wp-json\/wp\/v2\/media\/339"}],"wp:attachment":[{"href":"https:\/\/mehmetulutas.com\/index.php\/wp-json\/wp\/v2\/media?parent=338"}],"wp:term":[{"taxonomy":"category","embeddable":true,"href":"https:\/\/mehmetulutas.com\/index.php\/wp-json\/wp\/v2\/categories?post=338"},{"taxonomy":"post_tag","embeddable":true,"href":"https:\/\/mehmetulutas.com\/index.php\/wp-json\/wp\/v2\/tags?post=338"}],"curies":[{"name":"wp","href":"https:\/\/api.w.org\/{rel}","templated":true}]}}