{"id":437,"date":"2019-08-24T14:43:27","date_gmt":"2019-08-24T18:43:27","guid":{"rendered":"http:\/\/mehmetulutas.com\/?p=437"},"modified":"2021-02-22T13:32:35","modified_gmt":"2021-02-22T18:32:35","slug":"bosnada-kurban-bayrami","status":"publish","type":"post","link":"https:\/\/mehmetulutas.com\/index.php\/2019\/08\/24\/bosnada-kurban-bayrami\/","title":{"rendered":"BOSNA\u2019DA KURBAN BAYRAMI"},"content":{"rendered":"\n<p>M\u00fcbarek Kurban Bayram\u0131n\u0131 bu sene Bosna\u2019da ge\u00e7irmek nasip oldu. Bayram s\u00fcresince d\u00fcnyan\u0131n d\u00f6rt bir k\u00f6\u015fesinden gelen hay\u0131rseverlerle beraber Bosna\u2019n\u0131n de\u011fi\u015fik b\u00f6lgelerine giderek \u00f6nce kurban kesimine m\u00fc\u015fahitlik edece\u011fiz ve ard\u0131ndan ihtiya\u00e7 sahiplerine da\u011f\u0131t\u0131m\u0131nda bulunaca\u011f\u0131z. <\/p>\n\n\n\n<p>Bosna-Hersek Fatih Sultan Mehmet zaman\u0131nda fethedilmi\u015f bir belde. Fetihten \u00f6nce Osmanl\u0131 buralara Bekta\u015fi Tekkesinden hocalar g\u00f6ndererek buralar\u0131 \u0130slamiyete \u0131s\u0131nd\u0131rm\u0131\u015f. Dolay\u0131s\u0131yla fetih kolayla\u015fm\u0131\u015f. Bosnal\u0131lar namaz, dua, abdest vesaire \u0130slami terimleri bizden \u00f6\u011frenmi\u015fler ve bu kelimeler hala kullan\u0131l\u0131yor. T\u00fcrk\u00e7emiz o kadar hakim olmu\u015f ki posterlerde \u201cBayram \u015eerif M\u00fcbarek Olsun\u201d diye yaz\u0131yor. Hutbelerde dualar T\u00fcrk\u00e7e ve Arap\u00e7a okunuyor. Her yerde Osmanl\u0131 mimari tarz\u0131 camiler g\u00f6rmek, minarelerden 5 vakit ezan i\u015fitmek insan\u0131 sanki T\u00fcrkiye\u2019deymi\u015fsin gibi hissettiriyor.<\/p>\n\n\n\n<p>Biz ne yiyorsak Bosnan\u0131lar da onu yiyor. Kebab\u00e7i\u00e7 ve b\u00fcrek buran\u0131n en me\u015fhur yemekleri. Saraybosna\u2019n\u0131n merkezi Ba\u0161\u010dar\u0161ija, yani Ba\u015f\u00e7ar\u015f\u0131, diye ge\u00e7iyor. Ba\u015f\u00e7ar\u015f\u0131\u2019da dola\u015f\u0131rken insan kendini bir Osmanl\u0131 \u015fehrinde y\u00fcr\u00fcyormu\u015f gibi hissediyor.<\/p>\n\n\n\n<p>Bayram namaz\u0131m\u0131z\u0131 Saraybosna\u2019n\u0131n merkez camisi olan Gazi H\u00fcsrev Bey Camisinde k\u0131ld\u0131k. Gazi H\u00fcsrev Bey Kanuni zaman\u0131nda burada valilik yapm\u0131\u015f, \u00e7ok hizmetleri bulunmu\u015f, camiler ve medreseler yapm\u0131\u015f ve vak\u0131flar kurmu\u015f bir tarihi \u015fahsiyet. Bizimle namaz k\u0131lanlar aras\u0131nda rahmetli Aliya \u0130zzetbegovi\u00e7\u2019in o\u011flu da vard\u0131.<\/p>\n\n\n\n<p>Bosna bir Afrika \u00fclkesi kadar olmasa da fakir bir memleket. Yeti\u015fmi\u015f gen\u00e7leri y\u00fcksek i\u015fsizlik oranlar\u0131 y\u00fcz\u00fcnden Avrupa\u2019ya g\u00f6\u00e7 ediyor. O y\u00fczden Diyanet, K\u0131z\u0131lay ve Milli G\u00f6r\u00fc\u015f gibi kurulu\u015flar\u0131m\u0131z\u0131n bu beldede \u00f6zellikle son 20 k\u00fcs\u00fcr senedir yapt\u0131\u011f\u0131 hizmetler \u00e7ok k\u0131ymetli ve takdir g\u00f6r\u00fcyor. Hay\u0131rsever insan\u0131m\u0131z\u0131n bu beldeye yapt\u0131\u011f\u0131 ve yapmakta oldu\u011fu hizmetleri ve katk\u0131lar\u0131 g\u00f6rd\u00fck\u00e7e bir T\u00fcrk olarak g\u00f6\u011fs\u00fcm kabar\u0131yor.<\/p>\n\n\n\n<p>Hepimizin Kurban Bayram\u0131n\u0131n kutlu ve hay\u0131rlara vesile olmas\u0131 dile\u011fiyle.<\/p>\n","protected":false},"excerpt":{"rendered":"<p>M\u00fcbarek Kurban Bayram\u0131n\u0131 bu sene Bosna\u2019da ge\u00e7irmek nasip oldu. Bayram s\u00fcresince d\u00fcnyan\u0131n d\u00f6rt bir k\u00f6\u015fesinden gelen hay\u0131rseverlerle beraber Bosna\u2019n\u0131n de\u011fi\u015fik b\u00f6lgelerine giderek \u00f6nce kurban kesimine m\u00fc\u015fahitlik edece\u011fiz ve ard\u0131ndan ihtiya\u00e7 sahiplerine da\u011f\u0131t\u0131m\u0131nda bulunaca\u011f\u0131z. Bosna-Hersek Fatih Sultan Mehmet zaman\u0131nda fethedilmi\u015f bir belde. Fetihten \u00f6nce Osmanl\u0131 buralara Bekta\u015fi Tekkesinden hocalar g\u00f6ndererek buralar\u0131 \u0130slamiyete \u0131s\u0131nd\u0131rm\u0131\u015f. Dolay\u0131s\u0131yla fetih kolayla\u015fm\u0131\u015f. [&hellip;]<\/p>\n","protected":false},"author":1,"featured_media":438,"comment_status":"open","ping_status":"open","sticky":false,"template":"","format":"standard","meta":{"footnotes":""},"categories":[249],"tags":[],"yoast_head":"<!-- This site is optimized with the Yoast SEO plugin v20.4 - https:\/\/yoast.com\/wordpress\/plugins\/seo\/ -->\n<title>BOSNA\u2019DA KURBAN BAYRAMI - Mehmet Y. Uluta\u015f<\/title>\n<meta name=\"robots\" content=\"index, follow, max-snippet:-1, max-image-preview:large, max-video-preview:-1\" \/>\n<link rel=\"canonical\" href=\"https:\/\/mehmetulutas.com\/index.php\/2019\/08\/24\/bosnada-kurban-bayrami\/\" \/>\n<meta property=\"og:locale\" content=\"en_US\" \/>\n<meta property=\"og:type\" content=\"article\" \/>\n<meta property=\"og:title\" content=\"BOSNA\u2019DA KURBAN BAYRAMI - Mehmet Y. Uluta\u015f\" \/>\n<meta property=\"og:description\" content=\"M\u00fcbarek Kurban Bayram\u0131n\u0131 bu sene Bosna\u2019da ge\u00e7irmek nasip oldu. Bayram s\u00fcresince d\u00fcnyan\u0131n d\u00f6rt bir k\u00f6\u015fesinden gelen hay\u0131rseverlerle beraber Bosna\u2019n\u0131n de\u011fi\u015fik b\u00f6lgelerine giderek \u00f6nce kurban kesimine m\u00fc\u015fahitlik edece\u011fiz ve ard\u0131ndan ihtiya\u00e7 sahiplerine da\u011f\u0131t\u0131m\u0131nda bulunaca\u011f\u0131z. Bosna-Hersek Fatih Sultan Mehmet zaman\u0131nda fethedilmi\u015f bir belde. Fetihten \u00f6nce Osmanl\u0131 buralara Bekta\u015fi Tekkesinden hocalar g\u00f6ndererek buralar\u0131 \u0130slamiyete \u0131s\u0131nd\u0131rm\u0131\u015f. Dolay\u0131s\u0131yla fetih kolayla\u015fm\u0131\u015f. [&hellip;]\" \/>\n<meta property=\"og:url\" content=\"https:\/\/mehmetulutas.com\/index.php\/2019\/08\/24\/bosnada-kurban-bayrami\/\" \/>\n<meta property=\"og:site_name\" content=\"Mehmet Y. Uluta\u015f\" \/>\n<meta property=\"article:published_time\" content=\"2019-08-24T18:43:27+00:00\" \/>\n<meta property=\"article:modified_time\" content=\"2021-02-22T18:32:35+00:00\" \/>\n<meta property=\"og:image\" content=\"https:\/\/mehmetulutas.com\/wp-content\/uploads\/2019\/08\/bosna-kahvesi.jpg\" \/>\n\t<meta property=\"og:image:width\" content=\"680\" \/>\n\t<meta property=\"og:image:height\" content=\"960\" \/>\n\t<meta property=\"og:image:type\" content=\"image\/jpeg\" \/>\n<meta name=\"author\" content=\"mehmetulutas\" \/>\n<meta name=\"twitter:card\" content=\"summary_large_image\" \/>\n<meta name=\"twitter:label1\" content=\"Written by\" \/>\n\t<meta name=\"twitter:data1\" content=\"mehmetulutas\" \/>\n\t<meta name=\"twitter:label2\" content=\"Est. reading time\" \/>\n\t<meta name=\"twitter:data2\" content=\"2 minutes\" \/>\n<script type=\"application\/ld+json\" class=\"yoast-schema-graph\">{\"@context\":\"https:\/\/schema.org\",\"@graph\":[{\"@type\":\"Article\",\"@id\":\"https:\/\/mehmetulutas.com\/index.php\/2019\/08\/24\/bosnada-kurban-bayrami\/#article\",\"isPartOf\":{\"@id\":\"https:\/\/mehmetulutas.com\/index.php\/2019\/08\/24\/bosnada-kurban-bayrami\/\"},\"author\":{\"name\":\"mehmetulutas\",\"@id\":\"https:\/\/mehmetulutas.com\/#\/schema\/person\/8ef04e9307ace1ed7537ff440f5f34ab\"},\"headline\":\"BOSNA\u2019DA KURBAN BAYRAMI\",\"datePublished\":\"2019-08-24T18:43:27+00:00\",\"dateModified\":\"2021-02-22T18:32:35+00:00\",\"mainEntityOfPage\":{\"@id\":\"https:\/\/mehmetulutas.com\/index.php\/2019\/08\/24\/bosnada-kurban-bayrami\/\"},\"wordCount\":361,\"commentCount\":0,\"publisher\":{\"@id\":\"https:\/\/mehmetulutas.com\/#\/schema\/person\/8ef04e9307ace1ed7537ff440f5f34ab\"},\"articleSection\":[\"Seyahat\"],\"inLanguage\":\"en-US\",\"potentialAction\":[{\"@type\":\"CommentAction\",\"name\":\"Comment\",\"target\":[\"https:\/\/mehmetulutas.com\/index.php\/2019\/08\/24\/bosnada-kurban-bayrami\/#respond\"]}]},{\"@type\":\"WebPage\",\"@id\":\"https:\/\/mehmetulutas.com\/index.php\/2019\/08\/24\/bosnada-kurban-bayrami\/\",\"url\":\"https:\/\/mehmetulutas.com\/index.php\/2019\/08\/24\/bosnada-kurban-bayrami\/\",\"name\":\"BOSNA\u2019DA KURBAN BAYRAMI - Mehmet Y. Uluta\u015f\",\"isPartOf\":{\"@id\":\"https:\/\/mehmetulutas.com\/#website\"},\"datePublished\":\"2019-08-24T18:43:27+00:00\",\"dateModified\":\"2021-02-22T18:32:35+00:00\",\"breadcrumb\":{\"@id\":\"https:\/\/mehmetulutas.com\/index.php\/2019\/08\/24\/bosnada-kurban-bayrami\/#breadcrumb\"},\"inLanguage\":\"en-US\",\"potentialAction\":[{\"@type\":\"ReadAction\",\"target\":[\"https:\/\/mehmetulutas.com\/index.php\/2019\/08\/24\/bosnada-kurban-bayrami\/\"]}]},{\"@type\":\"BreadcrumbList\",\"@id\":\"https:\/\/mehmetulutas.com\/index.php\/2019\/08\/24\/bosnada-kurban-bayrami\/#breadcrumb\",\"itemListElement\":[{\"@type\":\"ListItem\",\"position\":1,\"name\":\"Home\",\"item\":\"https:\/\/mehmetulutas.com\/\"},{\"@type\":\"ListItem\",\"position\":2,\"name\":\"BOSNA\u2019DA KURBAN BAYRAMI\"}]},{\"@type\":\"WebSite\",\"@id\":\"https:\/\/mehmetulutas.com\/#website\",\"url\":\"https:\/\/mehmetulutas.com\/\",\"name\":\"Mehmet Y Uluta\u015f Resmi Web Sitesi\",\"description\":\"G\u00f6r\u00fc\u015flerimi sade ve ak\u0131c\u0131 bir dille \u00f6zet olarak aktarmaya \u00e7al\u0131\u015ft\u0131\u011f\u0131m resmi web sitesi\",\"publisher\":{\"@id\":\"https:\/\/mehmetulutas.com\/#\/schema\/person\/8ef04e9307ace1ed7537ff440f5f34ab\"},\"potentialAction\":[{\"@type\":\"SearchAction\",\"target\":{\"@type\":\"EntryPoint\",\"urlTemplate\":\"https:\/\/mehmetulutas.com\/?s={search_term_string}\"},\"query-input\":\"required name=search_term_string\"}],\"inLanguage\":\"en-US\"},{\"@type\":[\"Person\",\"Organization\"],\"@id\":\"https:\/\/mehmetulutas.com\/#\/schema\/person\/8ef04e9307ace1ed7537ff440f5f34ab\",\"name\":\"mehmetulutas\",\"image\":{\"@type\":\"ImageObject\",\"inLanguage\":\"en-US\",\"@id\":\"https:\/\/mehmetulutas.com\/#\/schema\/person\/image\/\",\"url\":\"https:\/\/secure.gravatar.com\/avatar\/d3d722cb777fccb2bbc845f31c5dde66?s=96&d=mm&r=g\",\"contentUrl\":\"https:\/\/secure.gravatar.com\/avatar\/d3d722cb777fccb2bbc845f31c5dde66?s=96&d=mm&r=g\",\"caption\":\"mehmetulutas\"},\"logo\":{\"@id\":\"https:\/\/mehmetulutas.com\/#\/schema\/person\/image\/\"}}]}<\/script>\n<!-- \/ Yoast SEO plugin. -->","yoast_head_json":{"title":"BOSNA\u2019DA KURBAN BAYRAMI - Mehmet Y. Uluta\u015f","robots":{"index":"index","follow":"follow","max-snippet":"max-snippet:-1","max-image-preview":"max-image-preview:large","max-video-preview":"max-video-preview:-1"},"canonical":"https:\/\/mehmetulutas.com\/index.php\/2019\/08\/24\/bosnada-kurban-bayrami\/","og_locale":"en_US","og_type":"article","og_title":"BOSNA\u2019DA KURBAN BAYRAMI - Mehmet Y. Uluta\u015f","og_description":"M\u00fcbarek Kurban Bayram\u0131n\u0131 bu sene Bosna\u2019da ge\u00e7irmek nasip oldu. Bayram s\u00fcresince d\u00fcnyan\u0131n d\u00f6rt bir k\u00f6\u015fesinden gelen hay\u0131rseverlerle beraber Bosna\u2019n\u0131n de\u011fi\u015fik b\u00f6lgelerine giderek \u00f6nce kurban kesimine m\u00fc\u015fahitlik edece\u011fiz ve ard\u0131ndan ihtiya\u00e7 sahiplerine da\u011f\u0131t\u0131m\u0131nda bulunaca\u011f\u0131z. Bosna-Hersek Fatih Sultan Mehmet zaman\u0131nda fethedilmi\u015f bir belde. Fetihten \u00f6nce Osmanl\u0131 buralara Bekta\u015fi Tekkesinden hocalar g\u00f6ndererek buralar\u0131 \u0130slamiyete \u0131s\u0131nd\u0131rm\u0131\u015f. Dolay\u0131s\u0131yla fetih kolayla\u015fm\u0131\u015f. [&hellip;]","og_url":"https:\/\/mehmetulutas.com\/index.php\/2019\/08\/24\/bosnada-kurban-bayrami\/","og_site_name":"Mehmet Y. Uluta\u015f","article_published_time":"2019-08-24T18:43:27+00:00","article_modified_time":"2021-02-22T18:32:35+00:00","og_image":[{"width":680,"height":960,"url":"https:\/\/mehmetulutas.com\/wp-content\/uploads\/2019\/08\/bosna-kahvesi.jpg","type":"image\/jpeg"}],"author":"mehmetulutas","twitter_card":"summary_large_image","twitter_misc":{"Written by":"mehmetulutas","Est. reading time":"2 minutes"},"schema":{"@context":"https:\/\/schema.org","@graph":[{"@type":"Article","@id":"https:\/\/mehmetulutas.com\/index.php\/2019\/08\/24\/bosnada-kurban-bayrami\/#article","isPartOf":{"@id":"https:\/\/mehmetulutas.com\/index.php\/2019\/08\/24\/bosnada-kurban-bayrami\/"},"author":{"name":"mehmetulutas","@id":"https:\/\/mehmetulutas.com\/#\/schema\/person\/8ef04e9307ace1ed7537ff440f5f34ab"},"headline":"BOSNA\u2019DA KURBAN BAYRAMI","datePublished":"2019-08-24T18:43:27+00:00","dateModified":"2021-02-22T18:32:35+00:00","mainEntityOfPage":{"@id":"https:\/\/mehmetulutas.com\/index.php\/2019\/08\/24\/bosnada-kurban-bayrami\/"},"wordCount":361,"commentCount":0,"publisher":{"@id":"https:\/\/mehmetulutas.com\/#\/schema\/person\/8ef04e9307ace1ed7537ff440f5f34ab"},"articleSection":["Seyahat"],"inLanguage":"en-US","potentialAction":[{"@type":"CommentAction","name":"Comment","target":["https:\/\/mehmetulutas.com\/index.php\/2019\/08\/24\/bosnada-kurban-bayrami\/#respond"]}]},{"@type":"WebPage","@id":"https:\/\/mehmetulutas.com\/index.php\/2019\/08\/24\/bosnada-kurban-bayrami\/","url":"https:\/\/mehmetulutas.com\/index.php\/2019\/08\/24\/bosnada-kurban-bayrami\/","name":"BOSNA\u2019DA KURBAN BAYRAMI - Mehmet Y. Uluta\u015f","isPartOf":{"@id":"https:\/\/mehmetulutas.com\/#website"},"datePublished":"2019-08-24T18:43:27+00:00","dateModified":"2021-02-22T18:32:35+00:00","breadcrumb":{"@id":"https:\/\/mehmetulutas.com\/index.php\/2019\/08\/24\/bosnada-kurban-bayrami\/#breadcrumb"},"inLanguage":"en-US","potentialAction":[{"@type":"ReadAction","target":["https:\/\/mehmetulutas.com\/index.php\/2019\/08\/24\/bosnada-kurban-bayrami\/"]}]},{"@type":"BreadcrumbList","@id":"https:\/\/mehmetulutas.com\/index.php\/2019\/08\/24\/bosnada-kurban-bayrami\/#breadcrumb","itemListElement":[{"@type":"ListItem","position":1,"name":"Home","item":"https:\/\/mehmetulutas.com\/"},{"@type":"ListItem","position":2,"name":"BOSNA\u2019DA KURBAN BAYRAMI"}]},{"@type":"WebSite","@id":"https:\/\/mehmetulutas.com\/#website","url":"https:\/\/mehmetulutas.com\/","name":"Mehmet Y Uluta\u015f Resmi Web Sitesi","description":"G\u00f6r\u00fc\u015flerimi sade ve ak\u0131c\u0131 bir dille \u00f6zet olarak aktarmaya \u00e7al\u0131\u015ft\u0131\u011f\u0131m resmi web sitesi","publisher":{"@id":"https:\/\/mehmetulutas.com\/#\/schema\/person\/8ef04e9307ace1ed7537ff440f5f34ab"},"potentialAction":[{"@type":"SearchAction","target":{"@type":"EntryPoint","urlTemplate":"https:\/\/mehmetulutas.com\/?s={search_term_string}"},"query-input":"required name=search_term_string"}],"inLanguage":"en-US"},{"@type":["Person","Organization"],"@id":"https:\/\/mehmetulutas.com\/#\/schema\/person\/8ef04e9307ace1ed7537ff440f5f34ab","name":"mehmetulutas","image":{"@type":"ImageObject","inLanguage":"en-US","@id":"https:\/\/mehmetulutas.com\/#\/schema\/person\/image\/","url":"https:\/\/secure.gravatar.com\/avatar\/d3d722cb777fccb2bbc845f31c5dde66?s=96&d=mm&r=g","contentUrl":"https:\/\/secure.gravatar.com\/avatar\/d3d722cb777fccb2bbc845f31c5dde66?s=96&d=mm&r=g","caption":"mehmetulutas"},"logo":{"@id":"https:\/\/mehmetulutas.com\/#\/schema\/person\/image\/"}}]}},"_links":{"self":[{"href":"https:\/\/mehmetulutas.com\/index.php\/wp-json\/wp\/v2\/posts\/437"}],"collection":[{"href":"https:\/\/mehmetulutas.com\/index.php\/wp-json\/wp\/v2\/posts"}],"about":[{"href":"https:\/\/mehmetulutas.com\/index.php\/wp-json\/wp\/v2\/types\/post"}],"author":[{"embeddable":true,"href":"https:\/\/mehmetulutas.com\/index.php\/wp-json\/wp\/v2\/users\/1"}],"replies":[{"embeddable":true,"href":"https:\/\/mehmetulutas.com\/index.php\/wp-json\/wp\/v2\/comments?post=437"}],"version-history":[{"count":1,"href":"https:\/\/mehmetulutas.com\/index.php\/wp-json\/wp\/v2\/posts\/437\/revisions"}],"predecessor-version":[{"id":439,"href":"https:\/\/mehmetulutas.com\/index.php\/wp-json\/wp\/v2\/posts\/437\/revisions\/439"}],"wp:featuredmedia":[{"embeddable":true,"href":"https:\/\/mehmetulutas.com\/index.php\/wp-json\/wp\/v2\/media\/438"}],"wp:attachment":[{"href":"https:\/\/mehmetulutas.com\/index.php\/wp-json\/wp\/v2\/media?parent=437"}],"wp:term":[{"taxonomy":"category","embeddable":true,"href":"https:\/\/mehmetulutas.com\/index.php\/wp-json\/wp\/v2\/categories?post=437"},{"taxonomy":"post_tag","embeddable":true,"href":"https:\/\/mehmetulutas.com\/index.php\/wp-json\/wp\/v2\/tags?post=437"}],"curies":[{"name":"wp","href":"https:\/\/api.w.org\/{rel}","templated":true}]}}