{"id":920,"date":"2020-07-17T00:06:43","date_gmt":"2020-07-17T04:06:43","guid":{"rendered":"http:\/\/mehmetulutas.com\/?p=920"},"modified":"2021-02-22T13:17:56","modified_gmt":"2021-02-22T18:17:56","slug":"ayasofya-karari-yanlis-mi","status":"publish","type":"post","link":"https:\/\/mehmetulutas.com\/index.php\/2020\/07\/17\/ayasofya-karari-yanlis-mi\/","title":{"rendered":"Ayasofya Karar\u0131 Yanl\u0131\u015f m\u0131?"},"content":{"rendered":"\n<p>Ayasofya\u2019n\u0131n yeniden ibadete a\u00e7\u0131lma karar\u0131 sonras\u0131 yerli\/yabanc\u0131 bir\u00e7ok ki\u015fi, kurum ve dernek bu karara itiraz etti ve \u00e7e\u015fitli arg\u00fcmanlar ileri s\u00fcrd\u00fcler. Bu arg\u00fcmanlar\u0131 ve kar\u015f\u0131 d\u00fc\u015f\u00fcncelerimi soru-cevap \u015feklinde \u015f\u00f6yle s\u0131ralayabilirim:<\/p>\n\n\n\n<p>S1. Bir D\u00fcnya K\u00fclt\u00fcr Miras\u0131 olan Ayasofya\u2019n\u0131n yeniden camiye \u00e7evrilmesi halinde zarar g\u00f6rmez mi?<\/p>\n\n\n\n<p>C1. Tam 481 sene cami olarak kullan\u0131ld\u0131\u011f\u0131 s\u00fcrede bir zarar g\u00f6rmedi\u011fi halde \u015fimdi zarar g\u00f6rece\u011fini s\u00f6ylemek iyi niyetli ve ger\u00e7ek\u00e7i de\u011fil.<\/p>\n\n\n\n<p>S2. Ayasofya camiye \u00e7evrilince daha m\u0131 \u00e7ok m\u00fcsl\u00fcman olaca\u011f\u0131z?<\/p>\n\n\n\n<p>C2. Olmayaca\u011f\u0131z elbette ama 86 senedir Ayasofya\u2019n\u0131n tekrar camiye \u00e7evrilmesini bekleyen milyonlarca T\u00fcrk mutlu olacak. Sadece bu bile \u00e7ok k\u0131ymetli.<\/p>\n\n\n\n<p>S3. Sultanahmet camisi varken Ayasofya\u2019ya ihtiya\u00e7 var m\u0131?<\/p>\n\n\n\n<p>C3. Ayasofya Camisi son 6 y\u00fczy\u0131ld\u0131r \u0130stanbullular\u0131n g\u00f6zbebe\u011fi ve fethi hat\u0131rlatan en \u00f6nemli eserdir. O y\u00fczden gerek halk ve gerekse padi\u015fahlar hemen kar\u015f\u0131s\u0131nda daha muhte\u015fem bir yap\u0131 olan Sultanahmet Camisi olmas\u0131na ra\u011fmen namaz i\u00e7in Ayasofya\u2019y\u0131 tercih etmi\u015flerdir.<\/p>\n\n\n\n<p>S4. Bu bir itibar g\u00f6sterisi de\u011fil mi?<\/p>\n\n\n\n<p>C4. Ayasofya T\u00fcrklerin kan\u0131yla, can\u0131yla ald\u0131\u011f\u0131 ve Hz. Muhammed (SAV)\u2019in m\u00fcjdeledi\u011fi \u0130stanbul\u2019un en k\u0131ymetli yap\u0131s\u0131d\u0131r. Bu eserin camiye \u00e7evrilmesi kazan\u0131lm\u0131\u015f bir hakt\u0131r ve \u00f6yle de kalmas\u0131 gerekir.<\/p>\n\n\n\n<p>S5. M\u00fczeyi gezen turistlerden elde edilen gelirler ne olacak?<\/p>\n\n\n\n<p>C6. Ayasofya Camisinin bak\u0131m\u0131 ve onar\u0131m\u0131 i\u00e7in gereken masraf 567 sene \u00f6nce Fatih Sultan Mehmet\u2019in Ayasofya Vakfiyesinde d\u00fc\u015f\u00fcn\u00fclm\u00fc\u015f ve onun i\u00e7in d\u00fckkanlar, hanlar ve hamamlar ayr\u0131lm\u0131\u015f. Yetmezse T\u00fcrk Devleti, yine yetmezse duyarl\u0131 vatanda\u015flar kar\u015f\u0131lar masraf\u0131n\u0131.<\/p>\n\n\n\n<p>S6. Bat\u0131 Devletlerinin verece\u011fi tepkiye ra\u011fmen bunu yapmaya gerek var m\u0131?<\/p>\n\n\n\n<p>C6. T\u00fcrkler Bat\u0131 d\u00fcnyas\u0131na ve tebas\u0131 i\u00e7erisindeki gayrim\u00fcslimlerin ibadet haklar\u0131na her zaman ho\u015fg\u00f6r\u00fcl\u00fc olmu\u015ftur. O y\u00fczden T\u00fcrkiye\u2019de 2019 y\u0131l\u0131 itibariyle 398 kilise, 38 sinagog, 3 havra var. Di\u011fer taraftan 1931\u2019de Selanik\u2019te 10 tane cami varken \u015fu anda bunlar\u0131n yerlerinde yeller esiyor. \u0130spanya\u2019daki End\u00fcl\u00fcs Medeniyeti \u015faheseri Kurtuba camisi de kiliseye \u00e7evrilmi\u015f. \u0130\u015fbu y\u00fczden bize tepki verme haklar\u0131 yok. Ayr\u0131ca Ayasofya Camisi ziyarete kapat\u0131lmayacak; Sultanahmet gibi hem ibadete hem de ziyarete a\u00e7\u0131k olacak.<\/p>\n\n\n\n<p>S7. AK Parti siyasi kazan\u00e7 i\u00e7in mi yapt\u0131 bunu?<\/p>\n\n\n\n<p>C7. Her h\u00fck\u00fcmet siyasi bir yap\u0131d\u0131r ve her aksiyonuna oy oranlar\u0131na etkisini g\u00f6zetir. Yani siyasi m\u00fclahazalarla bir karar alabilir ama bu durum al\u0131nan karar\u0131n yanl\u0131\u015f oldu\u011funa delalet etmez.<\/p>\n\n\n\n<p>Dipnot: Bu foto\u011fraf\u0131m Kas\u0131m\/2019\u2019da g\u00fcne\u015fli bir g\u00fcnde \u00e7ekilmi\u015fti.<\/p>\n","protected":false},"excerpt":{"rendered":"<p>Ayasofya\u2019n\u0131n yeniden ibadete a\u00e7\u0131lma karar\u0131 sonras\u0131 yerli\/yabanc\u0131 bir\u00e7ok ki\u015fi, kurum ve dernek bu karara itiraz etti ve \u00e7e\u015fitli arg\u00fcmanlar ileri s\u00fcrd\u00fcler. Bu arg\u00fcmanlar\u0131 ve kar\u015f\u0131 d\u00fc\u015f\u00fcncelerimi soru-cevap \u015feklinde \u015f\u00f6yle s\u0131ralayabilirim: S1. Bir D\u00fcnya K\u00fclt\u00fcr Miras\u0131 olan Ayasofya\u2019n\u0131n yeniden camiye \u00e7evrilmesi halinde zarar g\u00f6rmez mi? C1. Tam 481 sene cami olarak kullan\u0131ld\u0131\u011f\u0131 s\u00fcrede bir zarar g\u00f6rmedi\u011fi [&hellip;]<\/p>\n","protected":false},"author":1,"featured_media":921,"comment_status":"open","ping_status":"open","sticky":false,"template":"","format":"standard","meta":{"footnotes":""},"categories":[243],"tags":[48,25,21,45,44,22,23,24,46,47],"yoast_head":"<!-- This site is optimized with the Yoast SEO plugin v20.4 - https:\/\/yoast.com\/wordpress\/plugins\/seo\/ -->\n<title>Ayasofya Karar\u0131 Yanl\u0131\u015f m\u0131? - Mehmet Y. Uluta\u015f<\/title>\n<meta name=\"robots\" content=\"index, follow, max-snippet:-1, max-image-preview:large, max-video-preview:-1\" \/>\n<link rel=\"canonical\" href=\"https:\/\/mehmetulutas.com\/index.php\/2020\/07\/17\/ayasofya-karari-yanlis-mi\/\" \/>\n<meta property=\"og:locale\" content=\"en_US\" \/>\n<meta property=\"og:type\" content=\"article\" \/>\n<meta property=\"og:title\" content=\"Ayasofya Karar\u0131 Yanl\u0131\u015f m\u0131? - Mehmet Y. Uluta\u015f\" \/>\n<meta property=\"og:description\" content=\"Ayasofya\u2019n\u0131n yeniden ibadete a\u00e7\u0131lma karar\u0131 sonras\u0131 yerli\/yabanc\u0131 bir\u00e7ok ki\u015fi, kurum ve dernek bu karara itiraz etti ve \u00e7e\u015fitli arg\u00fcmanlar ileri s\u00fcrd\u00fcler. Bu arg\u00fcmanlar\u0131 ve kar\u015f\u0131 d\u00fc\u015f\u00fcncelerimi soru-cevap \u015feklinde \u015f\u00f6yle s\u0131ralayabilirim: S1. Bir D\u00fcnya K\u00fclt\u00fcr Miras\u0131 olan Ayasofya\u2019n\u0131n yeniden camiye \u00e7evrilmesi halinde zarar g\u00f6rmez mi? C1. Tam 481 sene cami olarak kullan\u0131ld\u0131\u011f\u0131 s\u00fcrede bir zarar g\u00f6rmedi\u011fi [&hellip;]\" \/>\n<meta property=\"og:url\" content=\"https:\/\/mehmetulutas.com\/index.php\/2020\/07\/17\/ayasofya-karari-yanlis-mi\/\" \/>\n<meta property=\"og:site_name\" content=\"Mehmet Y. Uluta\u015f\" \/>\n<meta property=\"article:published_time\" content=\"2020-07-17T04:06:43+00:00\" \/>\n<meta property=\"article:modified_time\" content=\"2021-02-22T18:17:56+00:00\" \/>\n<meta property=\"og:image\" content=\"https:\/\/mehmetulutas.com\/wp-content\/uploads\/2020\/07\/ayasofya-onunde-scaled.jpg\" \/>\n\t<meta property=\"og:image:width\" content=\"2188\" \/>\n\t<meta property=\"og:image:height\" content=\"2560\" \/>\n\t<meta property=\"og:image:type\" content=\"image\/jpeg\" \/>\n<meta name=\"author\" content=\"mehmetulutas\" \/>\n<meta name=\"twitter:card\" content=\"summary_large_image\" \/>\n<meta name=\"twitter:label1\" content=\"Written by\" \/>\n\t<meta name=\"twitter:data1\" content=\"mehmetulutas\" \/>\n\t<meta name=\"twitter:label2\" content=\"Est. reading time\" \/>\n\t<meta name=\"twitter:data2\" content=\"2 minutes\" \/>\n<script type=\"application\/ld+json\" class=\"yoast-schema-graph\">{\"@context\":\"https:\/\/schema.org\",\"@graph\":[{\"@type\":\"Article\",\"@id\":\"https:\/\/mehmetulutas.com\/index.php\/2020\/07\/17\/ayasofya-karari-yanlis-mi\/#article\",\"isPartOf\":{\"@id\":\"https:\/\/mehmetulutas.com\/index.php\/2020\/07\/17\/ayasofya-karari-yanlis-mi\/\"},\"author\":{\"name\":\"mehmetulutas\",\"@id\":\"https:\/\/mehmetulutas.com\/#\/schema\/person\/8ef04e9307ace1ed7537ff440f5f34ab\"},\"headline\":\"Ayasofya Karar\u0131 Yanl\u0131\u015f m\u0131?\",\"datePublished\":\"2020-07-17T04:06:43+00:00\",\"dateModified\":\"2021-02-22T18:17:56+00:00\",\"mainEntityOfPage\":{\"@id\":\"https:\/\/mehmetulutas.com\/index.php\/2020\/07\/17\/ayasofya-karari-yanlis-mi\/\"},\"wordCount\":468,\"commentCount\":0,\"publisher\":{\"@id\":\"https:\/\/mehmetulutas.com\/#\/schema\/person\/8ef04e9307ace1ed7537ff440f5f34ab\"},\"keywords\":[\"ak parti\",\"Atat\u00fcrk\",\"Ayasofya\",\"cami\",\"D\u00fcnya K\u00fclt\u00fcr Miras\u0131\",\"Erdo\u011fan\",\"Fatih\",\"Menderes\",\"muhammed\",\"sultan mehmet\"],\"articleSection\":[\"Siyaset\"],\"inLanguage\":\"en-US\",\"potentialAction\":[{\"@type\":\"CommentAction\",\"name\":\"Comment\",\"target\":[\"https:\/\/mehmetulutas.com\/index.php\/2020\/07\/17\/ayasofya-karari-yanlis-mi\/#respond\"]}]},{\"@type\":\"WebPage\",\"@id\":\"https:\/\/mehmetulutas.com\/index.php\/2020\/07\/17\/ayasofya-karari-yanlis-mi\/\",\"url\":\"https:\/\/mehmetulutas.com\/index.php\/2020\/07\/17\/ayasofya-karari-yanlis-mi\/\",\"name\":\"Ayasofya Karar\u0131 Yanl\u0131\u015f m\u0131? - Mehmet Y. Uluta\u015f\",\"isPartOf\":{\"@id\":\"https:\/\/mehmetulutas.com\/#website\"},\"datePublished\":\"2020-07-17T04:06:43+00:00\",\"dateModified\":\"2021-02-22T18:17:56+00:00\",\"breadcrumb\":{\"@id\":\"https:\/\/mehmetulutas.com\/index.php\/2020\/07\/17\/ayasofya-karari-yanlis-mi\/#breadcrumb\"},\"inLanguage\":\"en-US\",\"potentialAction\":[{\"@type\":\"ReadAction\",\"target\":[\"https:\/\/mehmetulutas.com\/index.php\/2020\/07\/17\/ayasofya-karari-yanlis-mi\/\"]}]},{\"@type\":\"BreadcrumbList\",\"@id\":\"https:\/\/mehmetulutas.com\/index.php\/2020\/07\/17\/ayasofya-karari-yanlis-mi\/#breadcrumb\",\"itemListElement\":[{\"@type\":\"ListItem\",\"position\":1,\"name\":\"Home\",\"item\":\"https:\/\/mehmetulutas.com\/\"},{\"@type\":\"ListItem\",\"position\":2,\"name\":\"Ayasofya Karar\u0131 Yanl\u0131\u015f m\u0131?\"}]},{\"@type\":\"WebSite\",\"@id\":\"https:\/\/mehmetulutas.com\/#website\",\"url\":\"https:\/\/mehmetulutas.com\/\",\"name\":\"Mehmet Y Uluta\u015f Resmi Web Sitesi\",\"description\":\"G\u00f6r\u00fc\u015flerimi sade ve ak\u0131c\u0131 bir dille \u00f6zet olarak aktarmaya \u00e7al\u0131\u015ft\u0131\u011f\u0131m resmi web sitesi\",\"publisher\":{\"@id\":\"https:\/\/mehmetulutas.com\/#\/schema\/person\/8ef04e9307ace1ed7537ff440f5f34ab\"},\"potentialAction\":[{\"@type\":\"SearchAction\",\"target\":{\"@type\":\"EntryPoint\",\"urlTemplate\":\"https:\/\/mehmetulutas.com\/?s={search_term_string}\"},\"query-input\":\"required name=search_term_string\"}],\"inLanguage\":\"en-US\"},{\"@type\":[\"Person\",\"Organization\"],\"@id\":\"https:\/\/mehmetulutas.com\/#\/schema\/person\/8ef04e9307ace1ed7537ff440f5f34ab\",\"name\":\"mehmetulutas\",\"image\":{\"@type\":\"ImageObject\",\"inLanguage\":\"en-US\",\"@id\":\"https:\/\/mehmetulutas.com\/#\/schema\/person\/image\/\",\"url\":\"https:\/\/secure.gravatar.com\/avatar\/d3d722cb777fccb2bbc845f31c5dde66?s=96&d=mm&r=g\",\"contentUrl\":\"https:\/\/secure.gravatar.com\/avatar\/d3d722cb777fccb2bbc845f31c5dde66?s=96&d=mm&r=g\",\"caption\":\"mehmetulutas\"},\"logo\":{\"@id\":\"https:\/\/mehmetulutas.com\/#\/schema\/person\/image\/\"}}]}<\/script>\n<!-- \/ Yoast SEO plugin. -->","yoast_head_json":{"title":"Ayasofya Karar\u0131 Yanl\u0131\u015f m\u0131? - Mehmet Y. Uluta\u015f","robots":{"index":"index","follow":"follow","max-snippet":"max-snippet:-1","max-image-preview":"max-image-preview:large","max-video-preview":"max-video-preview:-1"},"canonical":"https:\/\/mehmetulutas.com\/index.php\/2020\/07\/17\/ayasofya-karari-yanlis-mi\/","og_locale":"en_US","og_type":"article","og_title":"Ayasofya Karar\u0131 Yanl\u0131\u015f m\u0131? - Mehmet Y. Uluta\u015f","og_description":"Ayasofya\u2019n\u0131n yeniden ibadete a\u00e7\u0131lma karar\u0131 sonras\u0131 yerli\/yabanc\u0131 bir\u00e7ok ki\u015fi, kurum ve dernek bu karara itiraz etti ve \u00e7e\u015fitli arg\u00fcmanlar ileri s\u00fcrd\u00fcler. Bu arg\u00fcmanlar\u0131 ve kar\u015f\u0131 d\u00fc\u015f\u00fcncelerimi soru-cevap \u015feklinde \u015f\u00f6yle s\u0131ralayabilirim: S1. Bir D\u00fcnya K\u00fclt\u00fcr Miras\u0131 olan Ayasofya\u2019n\u0131n yeniden camiye \u00e7evrilmesi halinde zarar g\u00f6rmez mi? C1. Tam 481 sene cami olarak kullan\u0131ld\u0131\u011f\u0131 s\u00fcrede bir zarar g\u00f6rmedi\u011fi [&hellip;]","og_url":"https:\/\/mehmetulutas.com\/index.php\/2020\/07\/17\/ayasofya-karari-yanlis-mi\/","og_site_name":"Mehmet Y. Uluta\u015f","article_published_time":"2020-07-17T04:06:43+00:00","article_modified_time":"2021-02-22T18:17:56+00:00","og_image":[{"width":2188,"height":2560,"url":"https:\/\/mehmetulutas.com\/wp-content\/uploads\/2020\/07\/ayasofya-onunde-scaled.jpg","type":"image\/jpeg"}],"author":"mehmetulutas","twitter_card":"summary_large_image","twitter_misc":{"Written by":"mehmetulutas","Est. reading time":"2 minutes"},"schema":{"@context":"https:\/\/schema.org","@graph":[{"@type":"Article","@id":"https:\/\/mehmetulutas.com\/index.php\/2020\/07\/17\/ayasofya-karari-yanlis-mi\/#article","isPartOf":{"@id":"https:\/\/mehmetulutas.com\/index.php\/2020\/07\/17\/ayasofya-karari-yanlis-mi\/"},"author":{"name":"mehmetulutas","@id":"https:\/\/mehmetulutas.com\/#\/schema\/person\/8ef04e9307ace1ed7537ff440f5f34ab"},"headline":"Ayasofya Karar\u0131 Yanl\u0131\u015f m\u0131?","datePublished":"2020-07-17T04:06:43+00:00","dateModified":"2021-02-22T18:17:56+00:00","mainEntityOfPage":{"@id":"https:\/\/mehmetulutas.com\/index.php\/2020\/07\/17\/ayasofya-karari-yanlis-mi\/"},"wordCount":468,"commentCount":0,"publisher":{"@id":"https:\/\/mehmetulutas.com\/#\/schema\/person\/8ef04e9307ace1ed7537ff440f5f34ab"},"keywords":["ak parti","Atat\u00fcrk","Ayasofya","cami","D\u00fcnya K\u00fclt\u00fcr Miras\u0131","Erdo\u011fan","Fatih","Menderes","muhammed","sultan mehmet"],"articleSection":["Siyaset"],"inLanguage":"en-US","potentialAction":[{"@type":"CommentAction","name":"Comment","target":["https:\/\/mehmetulutas.com\/index.php\/2020\/07\/17\/ayasofya-karari-yanlis-mi\/#respond"]}]},{"@type":"WebPage","@id":"https:\/\/mehmetulutas.com\/index.php\/2020\/07\/17\/ayasofya-karari-yanlis-mi\/","url":"https:\/\/mehmetulutas.com\/index.php\/2020\/07\/17\/ayasofya-karari-yanlis-mi\/","name":"Ayasofya Karar\u0131 Yanl\u0131\u015f m\u0131? - Mehmet Y. Uluta\u015f","isPartOf":{"@id":"https:\/\/mehmetulutas.com\/#website"},"datePublished":"2020-07-17T04:06:43+00:00","dateModified":"2021-02-22T18:17:56+00:00","breadcrumb":{"@id":"https:\/\/mehmetulutas.com\/index.php\/2020\/07\/17\/ayasofya-karari-yanlis-mi\/#breadcrumb"},"inLanguage":"en-US","potentialAction":[{"@type":"ReadAction","target":["https:\/\/mehmetulutas.com\/index.php\/2020\/07\/17\/ayasofya-karari-yanlis-mi\/"]}]},{"@type":"BreadcrumbList","@id":"https:\/\/mehmetulutas.com\/index.php\/2020\/07\/17\/ayasofya-karari-yanlis-mi\/#breadcrumb","itemListElement":[{"@type":"ListItem","position":1,"name":"Home","item":"https:\/\/mehmetulutas.com\/"},{"@type":"ListItem","position":2,"name":"Ayasofya Karar\u0131 Yanl\u0131\u015f m\u0131?"}]},{"@type":"WebSite","@id":"https:\/\/mehmetulutas.com\/#website","url":"https:\/\/mehmetulutas.com\/","name":"Mehmet Y Uluta\u015f Resmi Web Sitesi","description":"G\u00f6r\u00fc\u015flerimi sade ve ak\u0131c\u0131 bir dille \u00f6zet olarak aktarmaya \u00e7al\u0131\u015ft\u0131\u011f\u0131m resmi web sitesi","publisher":{"@id":"https:\/\/mehmetulutas.com\/#\/schema\/person\/8ef04e9307ace1ed7537ff440f5f34ab"},"potentialAction":[{"@type":"SearchAction","target":{"@type":"EntryPoint","urlTemplate":"https:\/\/mehmetulutas.com\/?s={search_term_string}"},"query-input":"required name=search_term_string"}],"inLanguage":"en-US"},{"@type":["Person","Organization"],"@id":"https:\/\/mehmetulutas.com\/#\/schema\/person\/8ef04e9307ace1ed7537ff440f5f34ab","name":"mehmetulutas","image":{"@type":"ImageObject","inLanguage":"en-US","@id":"https:\/\/mehmetulutas.com\/#\/schema\/person\/image\/","url":"https:\/\/secure.gravatar.com\/avatar\/d3d722cb777fccb2bbc845f31c5dde66?s=96&d=mm&r=g","contentUrl":"https:\/\/secure.gravatar.com\/avatar\/d3d722cb777fccb2bbc845f31c5dde66?s=96&d=mm&r=g","caption":"mehmetulutas"},"logo":{"@id":"https:\/\/mehmetulutas.com\/#\/schema\/person\/image\/"}}]}},"_links":{"self":[{"href":"https:\/\/mehmetulutas.com\/index.php\/wp-json\/wp\/v2\/posts\/920"}],"collection":[{"href":"https:\/\/mehmetulutas.com\/index.php\/wp-json\/wp\/v2\/posts"}],"about":[{"href":"https:\/\/mehmetulutas.com\/index.php\/wp-json\/wp\/v2\/types\/post"}],"author":[{"embeddable":true,"href":"https:\/\/mehmetulutas.com\/index.php\/wp-json\/wp\/v2\/users\/1"}],"replies":[{"embeddable":true,"href":"https:\/\/mehmetulutas.com\/index.php\/wp-json\/wp\/v2\/comments?post=920"}],"version-history":[{"count":4,"href":"https:\/\/mehmetulutas.com\/index.php\/wp-json\/wp\/v2\/posts\/920\/revisions"}],"predecessor-version":[{"id":925,"href":"https:\/\/mehmetulutas.com\/index.php\/wp-json\/wp\/v2\/posts\/920\/revisions\/925"}],"wp:featuredmedia":[{"embeddable":true,"href":"https:\/\/mehmetulutas.com\/index.php\/wp-json\/wp\/v2\/media\/921"}],"wp:attachment":[{"href":"https:\/\/mehmetulutas.com\/index.php\/wp-json\/wp\/v2\/media?parent=920"}],"wp:term":[{"taxonomy":"category","embeddable":true,"href":"https:\/\/mehmetulutas.com\/index.php\/wp-json\/wp\/v2\/categories?post=920"},{"taxonomy":"post_tag","embeddable":true,"href":"https:\/\/mehmetulutas.com\/index.php\/wp-json\/wp\/v2\/tags?post=920"}],"curies":[{"name":"wp","href":"https:\/\/api.w.org\/{rel}","templated":true}]}}